{"id":2188,"date":"2025-09-13T13:17:31","date_gmt":"2025-09-13T11:17:31","guid":{"rendered":"https:\/\/www.hrc-muenster.de\/wordpress\/?p=2188"},"modified":"2025-09-13T13:33:19","modified_gmt":"2025-09-13T11:33:19","slug":"12-09-2025-stammtischneuigkeiten","status":"publish","type":"post","link":"https:\/\/www.hrc-muenster.de\/wordpress\/2025\/09\/13\/12-09-2025-stammtischneuigkeiten\/","title":{"rendered":"12.09.2025 \/ Stammtischneuigkeiten"},"content":{"rendered":"<p><span style=\"font-size: large;\"><b>Was liegt am Freitag den 12.09.2025 an?<\/b><\/span><\/p>\n<p><b>Begr\u00fc\u00dfung<\/b><\/p>\n<p>was wurde heute besprochen?<\/p>\n<ul>\n<li style=\"list-style-type: none;\">\n<ul>\n<li>Heute am Stammtisch sah es mager aus.<br \/>\nBei Sendes war eine Hochzeit angesagt und einige Mitglieder waren noch auf Reisen.<\/li>\n<li>So trafen sich zur gewohnten Stunde vier Heinkler. Ein Neuling Frank,\n<figure id=\"attachment_2191\" aria-describedby=\"caption-attachment-2191\" style=\"width: 300px\" class=\"wp-caption alignright\"><img loading=\"lazy\" decoding=\"async\" class=\"size-medium wp-image-2191\" src=\"https:\/\/www.hrc-muenster.de\/wordpress\/wp-content\/uploads\/2025\/09\/2025.09.12_103A1Roller-Frank-Brinkmann_01-W-300x169.jpg\" alt=\"\" width=\"300\" height=\"169\" srcset=\"https:\/\/www.hrc-muenster.de\/wordpress\/wp-content\/uploads\/2025\/09\/2025.09.12_103A1Roller-Frank-Brinkmann_01-W-300x169.jpg 300w, https:\/\/www.hrc-muenster.de\/wordpress\/wp-content\/uploads\/2025\/09\/2025.09.12_103A1Roller-Frank-Brinkmann_01-W-768x432.jpg 768w, https:\/\/www.hrc-muenster.de\/wordpress\/wp-content\/uploads\/2025\/09\/2025.09.12_103A1Roller-Frank-Brinkmann_01-W.jpg 1000w\" sizes=\"auto, (max-width: 300px) 85vw, 300px\" \/><figcaption id=\"caption-attachment-2191\" class=\"wp-caption-text\">einzige Roller heute Abend<\/figcaption><\/figure>\n<p>der vor einem Jahr schon einmal uns besuchte, erschien kurz nach uns.<\/p>\n<figure id=\"attachment_2192\" aria-describedby=\"caption-attachment-2192\" style=\"width: 300px\" class=\"wp-caption alignright\"><img loading=\"lazy\" decoding=\"async\" class=\"size-medium wp-image-2192\" src=\"https:\/\/www.hrc-muenster.de\/wordpress\/wp-content\/uploads\/2025\/09\/2025.09.12_Heinkeltreffen-USA_01-W-300x225.jpg\" alt=\"\" width=\"300\" height=\"225\" srcset=\"https:\/\/www.hrc-muenster.de\/wordpress\/wp-content\/uploads\/2025\/09\/2025.09.12_Heinkeltreffen-USA_01-W-300x225.jpg 300w, https:\/\/www.hrc-muenster.de\/wordpress\/wp-content\/uploads\/2025\/09\/2025.09.12_Heinkeltreffen-USA_01-W-1024x768.jpg 1024w, https:\/\/www.hrc-muenster.de\/wordpress\/wp-content\/uploads\/2025\/09\/2025.09.12_Heinkeltreffen-USA_01-W-768x576.jpg 768w, https:\/\/www.hrc-muenster.de\/wordpress\/wp-content\/uploads\/2025\/09\/2025.09.12_Heinkeltreffen-USA_01-W-1200x900.jpg 1200w, https:\/\/www.hrc-muenster.de\/wordpress\/wp-content\/uploads\/2025\/09\/2025.09.12_Heinkeltreffen-USA_01-W.jpg 1333w\" sizes=\"auto, (max-width: 300px) 85vw, 300px\" \/><figcaption id=\"caption-attachment-2192\" class=\"wp-caption-text\">Werner auf dem Heinkeltreffen in der USA<\/figcaption><\/figure>\n<p>Wolfgang erz\u00e4hlte von der Touristik-2025 in der Eifel. Er hatte viele Kontakt mit anderen Heinklern. An der Tour hatte 40 Roller und 60 Personen teilgenommen. Die Ausrichtung durch den Touristenreferenten Michael war hervorragend organisiert. Ausf\u00e4lle (kleinere Reparaturen) gab es nur 3.<br \/>\nWerner schrieb gegen 19 Uhr aus Amerika von dem dortigen Heinkeltreffen. Die dortige Gruppe fuhr mit 9 Heinkelroller den Pikes Peak (4200m). Er schreibt dass 8 Roller im 1ten Gang den Berg hinauf gefahren sind und der 9te hat es nicht geschafft.<\/li>\n<li>Daher waren unsere andern Gespr\u00e4che am Stammtisch rein privat.<\/li>\n<\/ul>\n<\/li>\n<\/ul>\n<ul>\n<li style=\"list-style-type: none;\">\n<ul>\n<li><span style=\"font-family: Arial, sans-serif;\"><span style=\"font-size: medium;\">Benzingespr\u00e4che: nein<\/span><\/span><\/li>\n<li><span style=\"font-family: Arial, sans-serif;\"><span style=\"font-family: Arial, sans-serif;\"><span style=\"font-size: medium;\">Anwesende: 5<br \/>\nEnde: 21:10 Uhr<\/span><\/span><\/span><span style=\"color: #0000ff;\"><i><u><b>Unser n\u00e4chste Stammtischabend ist Freitag der <\/b><\/u><\/i><\/span><span style=\"color: #0000ff;\"><i><u><b>10<\/b><\/u><\/i><\/span><span style=\"color: #0000ff;\"><i><u><b>.<\/b><\/u><\/i><\/span><span style=\"color: #0000ff;\"><i><u><b>10<\/b><\/u><\/i><\/span><span style=\"color: #0000ff;\"><i><u><b>.202<\/b><\/u><\/i><\/span><span style=\"color: #0000ff;\"><i><u><b>5<\/b><\/u><\/i><\/span><span style=\"color: #0000ff;\"><i><u><b> \/ <\/b><\/u><\/i><\/span><span style=\"color: #0000ff;\"><i><u><b>19;00 Uhr bei Sendes!<\/b><\/u><\/i><\/span><\/li>\n<\/ul>\n<\/li>\n<\/ul>\n<p><span style=\"font-family: Arial, sans-serif;\"><span style=\"font-size: medium;\">PS.:<br \/>\n<span style=\"color: #0000ff;\"><u><b>Bitte denkt an Vorschl\u00e4ge zu Aktivit\u00e4ten f\u00fcr <\/b><\/u><\/span><span style=\"color: #0000ff;\"><u><b>das <\/b><\/u><\/span><span style=\"color: #0000ff;\"><u><b>Jahr <\/b><\/u><\/span><span style=\"color: #0000ff;\"><u><b>202<\/b><\/u><\/span><span style=\"color: #0000ff;\"><u><b>5<\/b><\/u><\/span><span style=\"color: #0000ff;\"><u><b>!<\/b><\/u><\/span><b> <\/b><span style=\"color: #0000ff;\"><b>wir wollen unseren Kalender wieder f\u00fcllen! <\/b><\/span><\/span><\/span><\/p>\n","protected":false},"excerpt":{"rendered":"<p>Was liegt am Freitag den 12.09.2025 an? Begr\u00fc\u00dfung was wurde heute besprochen? Heute am Stammtisch sah es mager aus. Bei Sendes war eine Hochzeit angesagt und einige Mitglieder waren noch auf Reisen. So trafen sich zur gewohnten Stunde vier Heinkler. Ein Neuling Frank, der vor einem Jahr schon einmal uns besuchte, erschien kurz nach uns. &hellip; <a href=\"https:\/\/www.hrc-muenster.de\/wordpress\/2025\/09\/13\/12-09-2025-stammtischneuigkeiten\/\" class=\"more-link\"><span class=\"screen-reader-text\">\u201e12.09.2025 \/ Stammtischneuigkeiten\u201c <\/span>weiterlesen<\/a><\/p>\n","protected":false},"author":2,"featured_media":0,"comment_status":"closed","ping_status":"closed","sticky":false,"template":"","format":"standard","meta":{"footnotes":""},"categories":[],"tags":[14,17,25,23,16],"class_list":["post-2188","post","type-post","status-publish","format-standard","hentry","tag-heinkel-club-muenster","tag-heinkel-roller-club-muenster","tag-heinkelinfo-muenster","tag-heinkelstammtisch-muenster","tag-hrc-muenster"],"_links":{"self":[{"href":"https:\/\/www.hrc-muenster.de\/wordpress\/wp-json\/wp\/v2\/posts\/2188","targetHints":{"allow":["GET"]}}],"collection":[{"href":"https:\/\/www.hrc-muenster.de\/wordpress\/wp-json\/wp\/v2\/posts"}],"about":[{"href":"https:\/\/www.hrc-muenster.de\/wordpress\/wp-json\/wp\/v2\/types\/post"}],"author":[{"embeddable":true,"href":"https:\/\/www.hrc-muenster.de\/wordpress\/wp-json\/wp\/v2\/users\/2"}],"replies":[{"embeddable":true,"href":"https:\/\/www.hrc-muenster.de\/wordpress\/wp-json\/wp\/v2\/comments?post=2188"}],"version-history":[{"count":4,"href":"https:\/\/www.hrc-muenster.de\/wordpress\/wp-json\/wp\/v2\/posts\/2188\/revisions"}],"predecessor-version":[{"id":2194,"href":"https:\/\/www.hrc-muenster.de\/wordpress\/wp-json\/wp\/v2\/posts\/2188\/revisions\/2194"}],"wp:attachment":[{"href":"https:\/\/www.hrc-muenster.de\/wordpress\/wp-json\/wp\/v2\/media?parent=2188"}],"wp:term":[{"taxonomy":"category","embeddable":true,"href":"https:\/\/www.hrc-muenster.de\/wordpress\/wp-json\/wp\/v2\/categories?post=2188"},{"taxonomy":"post_tag","embeddable":true,"href":"https:\/\/www.hrc-muenster.de\/wordpress\/wp-json\/wp\/v2\/tags?post=2188"}],"curies":[{"name":"wp","href":"https:\/\/api.w.org\/{rel}","templated":true}]}}