{"id":2254,"date":"2025-12-13T14:42:05","date_gmt":"2025-12-13T13:42:05","guid":{"rendered":"https:\/\/www.hrc-muenster.de\/wordpress\/?p=2254"},"modified":"2025-12-13T14:42:52","modified_gmt":"2025-12-13T13:42:52","slug":"12-12-2025-stammtischneuigkeiten","status":"publish","type":"post","link":"https:\/\/www.hrc-muenster.de\/wordpress\/2025\/12\/13\/12-12-2025-stammtischneuigkeiten\/","title":{"rendered":"12.12.2025 \/ Stammtischneuigkeiten"},"content":{"rendered":"<p><span style=\"font-size: large;\"><b>Was liegt am Freitag den 12.12.2025 an?<\/b><\/span><\/p>\n<p><b>Begr\u00fc\u00dfung<\/b><\/p>\n<p><span style=\"font-family: Times New Roman, serif;\">was wurde heute besprochen?<\/span><\/p>\n<ul>\n<li style=\"list-style-type: none;\">\n<ul>\n<li><span style=\"font-family: Times New Roman, serif;\">Heute ging es um das Gr\u00fcnkohlessen. Der Preis laut Wirt bleibt wie im letzten Jahr. Uns fehlt nur die Personenzahl, damit wir entscheiden k\u00f6nnen, in welchen Raum das Gr\u00fcnkohlessen eingenommen werden kann.<\/span>\n<p><figure id=\"attachment_2257\" aria-describedby=\"caption-attachment-2257\" style=\"width: 300px\" class=\"wp-caption alignright\"><img loading=\"lazy\" decoding=\"async\" class=\"size-medium wp-image-2257\" src=\"https:\/\/www.hrc-muenster.de\/wordpress\/wp-content\/uploads\/2025\/12\/2025.12.12_Stammtischabend_01-W-300x169.jpg\" alt=\"\" width=\"300\" height=\"169\" srcset=\"https:\/\/www.hrc-muenster.de\/wordpress\/wp-content\/uploads\/2025\/12\/2025.12.12_Stammtischabend_01-W-300x169.jpg 300w, https:\/\/www.hrc-muenster.de\/wordpress\/wp-content\/uploads\/2025\/12\/2025.12.12_Stammtischabend_01-W-1024x577.jpg 1024w, https:\/\/www.hrc-muenster.de\/wordpress\/wp-content\/uploads\/2025\/12\/2025.12.12_Stammtischabend_01-W-768x432.jpg 768w, https:\/\/www.hrc-muenster.de\/wordpress\/wp-content\/uploads\/2025\/12\/2025.12.12_Stammtischabend_01-W-1536x865.jpg 1536w, https:\/\/www.hrc-muenster.de\/wordpress\/wp-content\/uploads\/2025\/12\/2025.12.12_Stammtischabend_01-W-1200x676.jpg 1200w, https:\/\/www.hrc-muenster.de\/wordpress\/wp-content\/uploads\/2025\/12\/2025.12.12_Stammtischabend_01-W.jpg 2000w\" sizes=\"auto, (max-width: 300px) 85vw, 300px\" \/><figcaption id=\"caption-attachment-2257\" class=\"wp-caption-text\">Stammtischabend am 12.12.2025<\/figcaption><\/figure><\/li>\n<li><span style=\"font-family: Times New Roman, serif;\">Werner berichtete \u00fcber den Fortschritt an seiner Kabine, die er seit einiger Zeit aufbaut. Auch hatte Werner eine Heinkelroller f\u00fcr ein Stammtischmitglied \u00fcberholt, der Roller zu hatte wenig Kompression. Als das behoben war, stellte Werner fest, dass \u00d6l an dem Stehbolzen dicht am Vergaser austrat. Er hatte den Stehbolzen aus geschraubt (ging gl\u00fccklicherweise) und im Fu\u00dfbereich mit Abdichtmasse eingesetzt. Es scheint dicht zu sein, meinte er.<\/span><\/li>\n<li><span style=\"font-family: Times New Roman, serif;\"><span style=\"font-size: medium;\">Auch haben wir uns \u00fcber einige Fahrzeuge unterhalten, die einige Kollegen in der Garage haben. Wolfgang hatte auf der Fahrt zum Stammtisch ein Fahrzeug gesehen, dass er noch nicht kannte. Nach dem er das Fahrzeug beschrieben hatte, kamen wir alle zu dem Ergebnis, dass es ein FIAT 500 Ellenator sein m\u00fcsste. Das ist ein FIAT 500 mit hinten 2 eng neben einander stehenden R\u00e4der. Weitere Info dazu Siehe hier.: https:\/\/www.ellenator-gmbh.de\/<\/span><\/span><\/li>\n<li><span style=\"font-family: Times New Roman, serif;\">Das <u><b>Anmeld<\/b><\/u><u><b>e<\/b><\/u><u><b>formular<\/b><\/u> &#8222;Siehe Download&#8220; auf unserer Seite! Seid nicht so Faul! Sondern bitte <span style=\"color: #ff0000;\"><b>NICHT<\/b><\/span> ausgef\u00fcllt und mit dem Handy verschicken, sonder per <b>Post<\/b> oder per <b>E-Mail<\/b>!!!!!<\/span><\/li>\n<li><span style=\"font-family: Times New Roman, serif;\">Wolfgang k\u00fcmmert sich um unser traditionelle Gr\u00fcnkohlessen zum 09.01.2026. Bitte dringend bei ihm per E-Mail oder Telefon melden, damit die Anzahl der Essen ermittelt werden kann. Wer den Gr\u00fcnkohl nicht mag, kann auch nach Karte essen.<\/span><\/li>\n<\/ul>\n<\/li>\n<\/ul>\n<ul>\n<li style=\"list-style-type: none;\">\n<ul>\n<li><span style=\"font-family: Times New Roman, serif;\"><span style=\"font-size: medium;\">Benzingespr\u00e4che:\u00a0<\/span><\/span><\/li>\n<li><span style=\"font-family: Arial, sans-serif;\"><span style=\"font-size: medium;\"><span style=\"font-family: Times New Roman, serif;\">Anwesende: <\/span><span style=\"font-family: Times New Roman, serif;\">1<\/span><span style=\"font-family: Times New Roman, serif;\">0<\/span><span style=\"font-family: Times New Roman, serif;\"><br \/>\nEnde: <\/span><span style=\"font-family: Times New Roman, serif;\">2<\/span><span style=\"font-family: Times New Roman, serif;\">1<\/span><span style=\"font-family: Times New Roman, serif;\">:<\/span><span style=\"font-family: Times New Roman, serif;\">00<\/span><span style=\"font-family: Times New Roman, serif;\"> Uhr<\/span><\/p>\n<p><span style=\"color: #0000ff;\"><i><u><b>Unser n\u00e4chste Stammtischabend ist Freitag der <\/b><\/u><\/i><\/span><span style=\"color: #0000ff;\"><i><u><b>09<\/b><\/u><\/i><\/span><span style=\"color: #0000ff;\"><i><u><b>.<\/b><\/u><\/i><\/span><span style=\"color: #0000ff;\"><i><u><b>01<\/b><\/u><\/i><\/span><span style=\"color: #0000ff;\"><i><u><b>.202<\/b><\/u><\/i><\/span><span style=\"color: #0000ff;\"><i><u><b>6<\/b><\/u><\/i><\/span><span style=\"color: #0000ff;\"><i><u><b> \/ <\/b><\/u><\/i><\/span><span style=\"color: #0000ff;\"><i><u><b>19;00 Uhr bei Sendes!<\/b><\/u><\/i><\/span><\/span><\/span><\/li>\n<\/ul>\n<\/li>\n<\/ul>\n<p><span style=\"font-family: Arial, sans-serif;\"><span style=\"font-size: medium;\">PS.:<br \/>\n<span style=\"color: #0000ff;\"><u><b>Bitte denkt an Vorschl\u00e4ge zu Aktivit\u00e4ten f\u00fcr <\/b><\/u><\/span><span style=\"color: #0000ff;\"><u><b>das <\/b><\/u><\/span><span style=\"color: #0000ff;\"><u><b>Jahr <\/b><\/u><\/span><span style=\"color: #0000ff;\"><u><b>202<\/b><\/u><\/span><span style=\"color: #0000ff;\"><u><b>6<\/b><\/u><\/span><span style=\"color: #0000ff;\"><u><b>!<\/b><\/u><\/span><span style=\"color: #0000ff;\"><b><br \/>\n<\/b><\/span><span style=\"color: #0000ff;\"><b>wir wollen unseren Kalender wieder f\u00fcllen! <\/b><\/span><\/span><\/span><\/p>\n<ul>\n<li><span style=\"color: #0000ff;\"><span style=\"font-family: Arial, sans-serif;\"><span style=\"font-size: medium;\"><i>Unser Stammtisch-Kalender 2026 ist noch nicht fertig!<\/i><\/span><\/span><\/span><\/li>\n<\/ul>\n","protected":false},"excerpt":{"rendered":"<p>Was liegt am Freitag den 12.12.2025 an? Begr\u00fc\u00dfung was wurde heute besprochen? Heute ging es um das Gr\u00fcnkohlessen. Der Preis laut Wirt bleibt wie im letzten Jahr. Uns fehlt nur die Personenzahl, damit wir entscheiden k\u00f6nnen, in welchen Raum das Gr\u00fcnkohlessen eingenommen werden kann. Werner berichtete \u00fcber den Fortschritt an seiner Kabine, die er seit &hellip; <a href=\"https:\/\/www.hrc-muenster.de\/wordpress\/2025\/12\/13\/12-12-2025-stammtischneuigkeiten\/\" class=\"more-link\"><span class=\"screen-reader-text\">\u201e12.12.2025 \/ Stammtischneuigkeiten\u201c <\/span>weiterlesen<\/a><\/p>\n","protected":false},"author":2,"featured_media":0,"comment_status":"closed","ping_status":"closed","sticky":false,"template":"","format":"standard","meta":{"footnotes":""},"categories":[2],"tags":[14,17,20,25,23,16,33],"class_list":["post-2254","post","type-post","status-publish","format-standard","hentry","category-berichte","tag-heinkel-club-muenster","tag-heinkel-roller-club-muenster","tag-heinkelinfo","tag-heinkelinfo-muenster","tag-heinkelstammtisch-muenster","tag-hrc-muenster","tag-stammtischneuigkeiten-des-hrc-muenster"],"_links":{"self":[{"href":"https:\/\/www.hrc-muenster.de\/wordpress\/wp-json\/wp\/v2\/posts\/2254","targetHints":{"allow":["GET"]}}],"collection":[{"href":"https:\/\/www.hrc-muenster.de\/wordpress\/wp-json\/wp\/v2\/posts"}],"about":[{"href":"https:\/\/www.hrc-muenster.de\/wordpress\/wp-json\/wp\/v2\/types\/post"}],"author":[{"embeddable":true,"href":"https:\/\/www.hrc-muenster.de\/wordpress\/wp-json\/wp\/v2\/users\/2"}],"replies":[{"embeddable":true,"href":"https:\/\/www.hrc-muenster.de\/wordpress\/wp-json\/wp\/v2\/comments?post=2254"}],"version-history":[{"count":4,"href":"https:\/\/www.hrc-muenster.de\/wordpress\/wp-json\/wp\/v2\/posts\/2254\/revisions"}],"predecessor-version":[{"id":2259,"href":"https:\/\/www.hrc-muenster.de\/wordpress\/wp-json\/wp\/v2\/posts\/2254\/revisions\/2259"}],"wp:attachment":[{"href":"https:\/\/www.hrc-muenster.de\/wordpress\/wp-json\/wp\/v2\/media?parent=2254"}],"wp:term":[{"taxonomy":"category","embeddable":true,"href":"https:\/\/www.hrc-muenster.de\/wordpress\/wp-json\/wp\/v2\/categories?post=2254"},{"taxonomy":"post_tag","embeddable":true,"href":"https:\/\/www.hrc-muenster.de\/wordpress\/wp-json\/wp\/v2\/tags?post=2254"}],"curies":[{"name":"wp","href":"https:\/\/api.w.org\/{rel}","templated":true}]}}