{"id":2301,"date":"2026-03-14T14:49:11","date_gmt":"2026-03-14T13:49:11","guid":{"rendered":"https:\/\/www.hrc-muenster.de\/wordpress\/?p=2301"},"modified":"2026-03-14T14:49:11","modified_gmt":"2026-03-14T13:49:11","slug":"13-03-2026-stammtischneuigkeiten","status":"publish","type":"post","link":"https:\/\/www.hrc-muenster.de\/wordpress\/2026\/03\/14\/13-03-2026-stammtischneuigkeiten\/","title":{"rendered":"13.03.2026 \/ Stammtischneuigkeiten"},"content":{"rendered":"<h3 class=\"western\">Was liegt am Freitag, den 13.03.2026, an?<\/h3>\n<p><strong>Begr\u00fc\u00dfung<\/strong><\/p>\n<p><strong>Was wurde heute besprochen?<\/strong><\/p>\n<ul>\n<li>\n<p>Heute ging es um Interna, Ausrichtung zum 40 J\u00e4hrigen Bestehen unseres Stammtisch. Es wurden organisatorische Belange besprochen. <br \/>Werner brachte gespendete Pokale von (Reiner S.) mit. Dazu wurde auch die Beschriftung an den Pokalen besprochen.<\/p>\n<\/li>\n<li>\n<p>Rainer erz\u00e4hlte von der Oldtimerausstellung in Hamm. Der Heinkel-Club Rheine hatte einen Stand aufgebaut. Von unserem Stammtisch war Rainer D. mit dabei.<\/p>\n<figure id=\"attachment_2305\" aria-describedby=\"caption-attachment-2305\" style=\"width: 613px\" class=\"wp-caption aligncenter\"><img loading=\"lazy\" decoding=\"async\" class=\" wp-image-2305\" src=\"https:\/\/www.hrc-muenster.de\/wordpress\/wp-content\/uploads\/2026\/03\/2026.03.06_Oldtimer-Hamm_06-W-300x135.jpg\" alt=\"\" width=\"613\" height=\"276\" srcset=\"https:\/\/www.hrc-muenster.de\/wordpress\/wp-content\/uploads\/2026\/03\/2026.03.06_Oldtimer-Hamm_06-W-300x135.jpg 300w, https:\/\/www.hrc-muenster.de\/wordpress\/wp-content\/uploads\/2026\/03\/2026.03.06_Oldtimer-Hamm_06-W-1024x461.jpg 1024w, https:\/\/www.hrc-muenster.de\/wordpress\/wp-content\/uploads\/2026\/03\/2026.03.06_Oldtimer-Hamm_06-W-768x346.jpg 768w, https:\/\/www.hrc-muenster.de\/wordpress\/wp-content\/uploads\/2026\/03\/2026.03.06_Oldtimer-Hamm_06-W-1536x691.jpg 1536w, https:\/\/www.hrc-muenster.de\/wordpress\/wp-content\/uploads\/2026\/03\/2026.03.06_Oldtimer-Hamm_06-W-1200x540.jpg 1200w, https:\/\/www.hrc-muenster.de\/wordpress\/wp-content\/uploads\/2026\/03\/2026.03.06_Oldtimer-Hamm_06-W.jpg 2000w\" sizes=\"auto, (max-width: 709px) 85vw, (max-width: 909px) 67vw, (max-width: 984px) 61vw, (max-width: 1362px) 45vw, 600px\" \/><figcaption id=\"caption-attachment-2305\" class=\"wp-caption-text\">Stammtisch Rheine in Hamm 2026<\/figcaption><\/figure>\n<ul>\n<li>\n<p>Das <strong>\u201e<\/strong><strong><u><b>Anmeld<\/b><\/u><\/strong><strong><u><b>e<\/b><\/u><\/strong><strong><u><b>formular<\/b><\/u><\/strong> <strong>40 Jahre HRC-MS, s<\/strong><strong>iehe Download&#8220;<\/strong> (siehe Download auf unserer Seite) bitte ausf\u00fcllen und <u><b>per Post <\/b><\/u>versenden!!!<br \/><span style=\"color: #ff00ff;\"><strong>Es sind noch Pl\u00e4tze frei!<\/strong><\/span><\/p>\n<\/li>\n<\/ul>\n<ul>\n<li style=\"list-style-type: none;\">\n<ul>\n<li>\n<p><span style=\"font-family: Times New Roman, serif;\"><span style=\"font-size: medium;\">Benzingespr\u00e4che: wenig<\/span><\/span><\/p>\n<\/li>\n<li>\n<p><span style=\"font-family: Arial, sans-serif;\"><span style=\"font-size: medium;\"><span style=\"font-family: Times New Roman, serif;\">Anwesende: <\/span><span style=\"font-family: Times New Roman, serif;\">8<\/span><span style=\"font-family: Times New Roman, serif;\"><br \/>Ende: <\/span><span style=\"font-family: Times New Roman, serif;\">2<\/span><span style=\"font-family: Times New Roman, serif;\">1<\/span><span style=\"font-family: Times New Roman, serif;\">:<\/span><span style=\"font-family: Times New Roman, serif;\">1<\/span><span style=\"font-family: Times New Roman, serif;\">5<\/span><span style=\"font-family: Times New Roman, serif;\"> Uhr<\/span><\/span><\/span><\/p>\n<p><span style=\"color: #0000ff;\"><i><u><b>Unser n\u00e4chste Stammtischabend ist Freitag der <\/b><\/u><\/i><\/span><span style=\"color: #0000ff;\"><i><u><b>1<\/b><\/u><\/i><\/span><span style=\"color: #0000ff;\"><i><u><b>0<\/b><\/u><\/i><\/span><span style=\"color: #0000ff;\"><i><u><b>.<\/b><\/u><\/i><\/span><span style=\"color: #0000ff;\"><i><u><b>0<\/b><\/u><\/i><\/span><span style=\"color: #0000ff;\"><i><u><b>4<\/b><\/u><\/i><\/span><span style=\"color: #0000ff;\"><i><u><b>.202<\/b><\/u><\/i><\/span><span style=\"color: #0000ff;\"><i><u><b>6<\/b><\/u><\/i><\/span><span style=\"color: #0000ff;\"><i><u><b> \/ <\/b><\/u><\/i><\/span><span style=\"color: #0000ff;\"><i><u><b>19;00 Uhr bei Sendes!<\/b><\/u><\/i><\/span><\/p>\n<\/li>\n<\/ul>\n<\/li>\n<\/ul>\n<\/li>\n<li>\n<p><span style=\"font-family: Arial, sans-serif;\"><span style=\"font-size: medium;\">PS.:<br \/><span style=\"color: #0000ff;\"><u><b>Bitte denkt an Vorschl\u00e4ge zu Aktivit\u00e4ten f\u00fcr <\/b><\/u><\/span><span style=\"color: #0000ff;\"><u><b>das <\/b><\/u><\/span><span style=\"color: #0000ff;\"><u><b>Jahr <\/b><\/u><\/span><span style=\"color: #0000ff;\"><u><b>202<\/b><\/u><\/span><span style=\"color: #0000ff;\"><u><b>6<\/b><\/u><\/span><span style=\"color: #0000ff;\"><u><b>!<\/b><\/u><\/span><span style=\"color: #0000ff;\"><b> <br \/><\/b><\/span><span style=\"color: #0000ff;\"><b>wir wollen unseren Kalender wieder f\u00fcllen! <\/b><\/span><\/span><\/span><\/p>\n<\/li>\n<\/ul>\n\n\n<p><\/p>\n","protected":false},"excerpt":{"rendered":"<p>Was liegt am Freitag, den 13.03.2026, an? Begr\u00fc\u00dfung Was wurde heute besprochen? Heute ging es um Interna, Ausrichtung zum 40 J\u00e4hrigen Bestehen unseres Stammtisch. Es wurden organisatorische Belange besprochen. Werner brachte gespendete Pokale von (Reiner S.) mit. Dazu wurde auch die Beschriftung an den Pokalen besprochen. Rainer erz\u00e4hlte von der Oldtimerausstellung in Hamm. Der Heinkel-Club &hellip; <a href=\"https:\/\/www.hrc-muenster.de\/wordpress\/2026\/03\/14\/13-03-2026-stammtischneuigkeiten\/\" class=\"more-link\"><span class=\"screen-reader-text\">\u201e13.03.2026 \/ Stammtischneuigkeiten\u201c <\/span>weiterlesen<\/a><\/p>\n","protected":false},"author":2,"featured_media":0,"comment_status":"closed","ping_status":"closed","sticky":false,"template":"","format":"standard","meta":{"footnotes":""},"categories":[2],"tags":[14,17,25,23,16],"class_list":["post-2301","post","type-post","status-publish","format-standard","hentry","category-berichte","tag-heinkel-club-muenster","tag-heinkel-roller-club-muenster","tag-heinkelinfo-muenster","tag-heinkelstammtisch-muenster","tag-hrc-muenster"],"_links":{"self":[{"href":"https:\/\/www.hrc-muenster.de\/wordpress\/wp-json\/wp\/v2\/posts\/2301","targetHints":{"allow":["GET"]}}],"collection":[{"href":"https:\/\/www.hrc-muenster.de\/wordpress\/wp-json\/wp\/v2\/posts"}],"about":[{"href":"https:\/\/www.hrc-muenster.de\/wordpress\/wp-json\/wp\/v2\/types\/post"}],"author":[{"embeddable":true,"href":"https:\/\/www.hrc-muenster.de\/wordpress\/wp-json\/wp\/v2\/users\/2"}],"replies":[{"embeddable":true,"href":"https:\/\/www.hrc-muenster.de\/wordpress\/wp-json\/wp\/v2\/comments?post=2301"}],"version-history":[{"count":5,"href":"https:\/\/www.hrc-muenster.de\/wordpress\/wp-json\/wp\/v2\/posts\/2301\/revisions"}],"predecessor-version":[{"id":2307,"href":"https:\/\/www.hrc-muenster.de\/wordpress\/wp-json\/wp\/v2\/posts\/2301\/revisions\/2307"}],"wp:attachment":[{"href":"https:\/\/www.hrc-muenster.de\/wordpress\/wp-json\/wp\/v2\/media?parent=2301"}],"wp:term":[{"taxonomy":"category","embeddable":true,"href":"https:\/\/www.hrc-muenster.de\/wordpress\/wp-json\/wp\/v2\/categories?post=2301"},{"taxonomy":"post_tag","embeddable":true,"href":"https:\/\/www.hrc-muenster.de\/wordpress\/wp-json\/wp\/v2\/tags?post=2301"}],"curies":[{"name":"wp","href":"https:\/\/api.w.org\/{rel}","templated":true}]}}